{"id":1039,"global_id":"foreningenkult.dk?id=1039","global_id_lineage":["foreningenkult.dk?id=1039"],"author":"1","status":"publish","date":"2025-08-29 16:29:55","date_utc":"2025-08-29 14:29:55","modified":"2025-08-29 16:40:21","modified_utc":"2025-08-29 14:40:21","url":"http:\/\/foreningenkult.dk\/?tribe_events=bogense-foreningsdag","rest_url":"http:\/\/foreningenkult.dk\/index.php?rest_route=\/tribe\/events\/v1\/events\/1039","title":"BOGENSE FORENINGSDAG","description":"<p>Kom og m\u00f8d os til Bogense Foreningsdag &#8211; Vi er at finde p\u00e5 \u00d8stergade 9, Bogense sammen med Kunstforeningen Galleri Kn\u00e6gt.<\/p>\n<p>Se programmet her: (klik p\u00e5 billedet for at g\u00f8re linket aktivt) <a href=\"https:\/\/bogense.infoland.dk\/foreningsdag-i-bogense\/\" target=\"_blank\" rel=\"noopener noreferrer\">Program for Bogense Foreningsdag 2025 \u2013 Bogense<\/a><\/p>","excerpt":"","slug":"bogense-foreningsdag","image":{"url":"http:\/\/foreningenkult.dk\/wp-content\/uploads\/2025\/08\/312511532_199955979098428_5319780560246755108_n.png","id":1040,"extension":"png","width":703,"height":381,"filesize":278015,"sizes":{"medium":{"width":300,"height":163,"mime-type":"image\/png","filesize":50767,"url":"http:\/\/foreningenkult.dk\/wp-content\/uploads\/2025\/08\/312511532_199955979098428_5319780560246755108_n-300x163.png"},"thumbnail":{"width":150,"height":150,"mime-type":"image\/png","filesize":26295,"url":"http:\/\/foreningenkult.dk\/wp-content\/uploads\/2025\/08\/312511532_199955979098428_5319780560246755108_n-150x150.png"},"responsive-100":{"width":100,"height":54,"mime-type":"image\/png","filesize":8648,"url":"http:\/\/foreningenkult.dk\/wp-content\/uploads\/2025\/08\/312511532_199955979098428_5319780560246755108_n-100x54.png"},"responsive-150":{"width":150,"height":81,"mime-type":"image\/png","filesize":16025,"url":"http:\/\/foreningenkult.dk\/wp-content\/uploads\/2025\/08\/312511532_199955979098428_5319780560246755108_n-150x81.png"},"responsive-200":{"width":200,"height":108,"mime-type":"image\/png","filesize":25757,"url":"http:\/\/foreningenkult.dk\/wp-content\/uploads\/2025\/08\/312511532_199955979098428_5319780560246755108_n-200x108.png"},"responsive-300":{"width":300,"height":163,"mime-type":"image\/png","filesize":50767,"url":"http:\/\/foreningenkult.dk\/wp-content\/uploads\/2025\/08\/312511532_199955979098428_5319780560246755108_n-300x163.png"},"responsive-450":{"width":450,"height":244,"mime-type":"image\/png","filesize":103436,"url":"http:\/\/foreningenkult.dk\/wp-content\/uploads\/2025\/08\/312511532_199955979098428_5319780560246755108_n-450x244.png"},"responsive-600":{"width":600,"height":325,"mime-type":"image\/png","filesize":170087,"url":"http:\/\/foreningenkult.dk\/wp-content\/uploads\/2025\/08\/312511532_199955979098428_5319780560246755108_n-600x325.png"}}},"all_day":false,"start_date":"2025-09-06 10:00:00","start_date_details":{"year":"2025","month":"09","day":"06","hour":"10","minutes":"00","seconds":"00"},"end_date":"2025-09-06 14:00:00","end_date_details":{"year":"2025","month":"09","day":"06","hour":"14","minutes":"00","seconds":"00"},"utc_start_date":"2025-09-06 08:00:00","utc_start_date_details":{"year":"2025","month":"09","day":"06","hour":"08","minutes":"00","seconds":"00"},"utc_end_date":"2025-09-06 12:00:00","utc_end_date_details":{"year":"2025","month":"09","day":"06","hour":"12","minutes":"00","seconds":"00"},"timezone":"Europe\/Copenhagen","timezone_abbr":"CEST","cost":"","cost_details":{"currency_symbol":"","currency_code":"","currency_position":"","values":[]},"website":"","show_map":true,"show_map_link":true,"hide_from_listings":false,"sticky":false,"featured":false,"categories":[],"tags":[],"venue":[],"organizer":[],"json_ld":{"@context":"http:\/\/schema.org","@type":"Event","name":"BOGENSE FORENINGSDAG","description":"&lt;p&gt;Kom og m\u00f8d os til Bogense Foreningsdag - Vi er at finde p\u00e5 \u00d8stergade 9, Bogense sammen med Kunstforeningen Galleri Kn\u00e6gt. Se programmet her: (klik p\u00e5 billedet for at g\u00f8re linket aktivt) Program for Bogense Foreningsdag 2025 \u2013 Bogense&lt;\/p&gt;\\n","image":"http:\/\/foreningenkult.dk\/wp-content\/uploads\/2025\/08\/312511532_199955979098428_5319780560246755108_n.png","url":"http:\/\/foreningenkult.dk\/?tribe_events=bogense-foreningsdag","eventAttendanceMode":"https:\/\/schema.org\/OfflineEventAttendanceMode","startDate":"2025-09-06T10:00:00+02:00","endDate":"2025-09-06T14:00:00+02:00","performer":"Organization"},"ticketed":false}