{"id":609,"global_id":"foreningenkult.dk?id=609","global_id_lineage":["foreningenkult.dk?id=609"],"author":"1","status":"publish","date":"2023-02-14 14:51:47","date_utc":"2023-02-14 13:51:47","modified":"2023-02-20 11:23:29","modified_utc":"2023-02-20 10:23:29","url":"https:\/\/foreningenkult.dk\/?tribe_events=nordfyndox-kampen-om-mennesket","rest_url":"https:\/\/foreningenkult.dk\/index.php?rest_route=\/tribe\/events\/v1\/events\/609","title":"NORDFYN:DOX &#8211; Kampen om mennesket","description":"<p>Svend Brinkman, Caspar Eric, Anne Sophia Hermansen og en lang r\u00e6kke andre af landets mest prominente stemmer bidrager til denne debatskabende film om menneskesynet.<\/p>\n<p>\u2019Kampen om mennesket\u2019 er en stjernebesat debatfilm, der l\u00f8fter sl\u00f8ret for et intenst opg\u00f8r, vi alle er en del af. Filmen handler om menneskesynet &#8211; vores forestillinger og idealer om mennesket, og hvordan vi forsvarer vores menneskesyn i en intens kamp, der r\u00e6kker fra samfundets store scener til det enkelte menneskes bevidsthed.<\/p>\n<p>Det er en film, der er bygget finurligt op i kapitler og kommer omkring personlige historier, der har det tilf\u00e6lles, at de giver stemme til mennesker, der (som alle andre, men i h\u00f8jere udstr\u00e6kning) p\u00e5 egen krop har oplevet, hvad vores f\u00e6lles idealer for, hvad et menneske er eller b\u00f8r v\u00e6re, har af menneskelige konsekvenser.<br \/>\nV\u00e6vet elegant sammen af s\u00e5 forskellige samfundsstemmer som Svend Brinkmann, Caspar Eric, Anne Sophia Hermansen, Alberte Clement Meldal, Kaspar Colling Nielsen, Anna Libak og Frederik Stjernfelt.<\/p>\n<p><strong>Kampen om mennesket<\/strong><br \/>\n80 minutter<br \/>\n<strong>Instrukt\u00f8r:<\/strong> Simon Lec<br \/>\n<strong>Sprog:<\/strong> Dansk<\/p>\n<p><strong>Tilmelding:<\/strong><br \/>\n<a href=\"https:\/\/foreningenkult.nemtilmeld.dk\/\">Billetk\u00f8b via NemTilmeld<\/a><\/p>","excerpt":"","slug":"nordfyndox-kampen-om-mennesket","image":{"url":"https:\/\/foreningenkult.dk\/wp-content\/uploads\/2023\/02\/Kampen-om-mennesket-foto-valgt-scaled.jpg","id":611,"extension":"jpg","width":2560,"height":1600,"filesize":407097,"sizes":{"medium":{"width":300,"height":188,"mime-type":"image\/jpeg","filesize":11834,"url":"https:\/\/foreningenkult.dk\/wp-content\/uploads\/2023\/02\/Kampen-om-mennesket-foto-valgt-300x188.jpg"},"large":{"width":1024,"height":640,"mime-type":"image\/jpeg","filesize":91236,"url":"https:\/\/foreningenkult.dk\/wp-content\/uploads\/2023\/02\/Kampen-om-mennesket-foto-valgt-1024x640.jpg"},"thumbnail":{"width":150,"height":150,"mime-type":"image\/jpeg","filesize":5598,"url":"https:\/\/foreningenkult.dk\/wp-content\/uploads\/2023\/02\/Kampen-om-mennesket-foto-valgt-150x150.jpg"},"medium_large":{"width":768,"height":480,"mime-type":"image\/jpeg","filesize":54824,"url":"https:\/\/foreningenkult.dk\/wp-content\/uploads\/2023\/02\/Kampen-om-mennesket-foto-valgt-768x480.jpg"},"1536x1536":{"width":1536,"height":960,"mime-type":"image\/jpeg","filesize":182202,"url":"https:\/\/foreningenkult.dk\/wp-content\/uploads\/2023\/02\/Kampen-om-mennesket-foto-valgt-1536x960.jpg"},"2048x2048":{"width":2048,"height":1280,"mime-type":"image\/jpeg","filesize":291108,"url":"https:\/\/foreningenkult.dk\/wp-content\/uploads\/2023\/02\/Kampen-om-mennesket-foto-valgt-2048x1280.jpg"},"responsive-100":{"width":100,"height":63,"mime-type":"image\/jpeg","filesize":2539,"url":"https:\/\/foreningenkult.dk\/wp-content\/uploads\/2023\/02\/Kampen-om-mennesket-foto-valgt-100x63.jpg"},"responsive-150":{"width":150,"height":94,"mime-type":"image\/jpeg","filesize":4070,"url":"https:\/\/foreningenkult.dk\/wp-content\/uploads\/2023\/02\/Kampen-om-mennesket-foto-valgt-150x94.jpg"},"responsive-200":{"width":200,"height":125,"mime-type":"image\/jpeg","filesize":6250,"url":"https:\/\/foreningenkult.dk\/wp-content\/uploads\/2023\/02\/Kampen-om-mennesket-foto-valgt-200x125.jpg"},"responsive-300":{"width":300,"height":188,"mime-type":"image\/jpeg","filesize":11834,"url":"https:\/\/foreningenkult.dk\/wp-content\/uploads\/2023\/02\/Kampen-om-mennesket-foto-valgt-300x188.jpg"},"responsive-450":{"width":450,"height":281,"mime-type":"image\/jpeg","filesize":23027,"url":"https:\/\/foreningenkult.dk\/wp-content\/uploads\/2023\/02\/Kampen-om-mennesket-foto-valgt-450x281.jpg"},"responsive-600":{"width":600,"height":375,"mime-type":"image\/jpeg","filesize":37189,"url":"https:\/\/foreningenkult.dk\/wp-content\/uploads\/2023\/02\/Kampen-om-mennesket-foto-valgt-600x375.jpg"},"responsive-900":{"width":900,"height":563,"mime-type":"image\/jpeg","filesize":75352,"url":"https:\/\/foreningenkult.dk\/wp-content\/uploads\/2023\/02\/Kampen-om-mennesket-foto-valgt-900x563.jpg"}},"original_image":"Kampen-om-mennesket-foto-valgt.jpg"},"all_day":false,"start_date":"2023-03-24 19:30:00","start_date_details":{"year":"2023","month":"03","day":"24","hour":"19","minutes":"30","seconds":"00"},"end_date":"2023-03-24 21:30:00","end_date_details":{"year":"2023","month":"03","day":"24","hour":"21","minutes":"30","seconds":"00"},"utc_start_date":"2023-03-24 18:30:00","utc_start_date_details":{"year":"2023","month":"03","day":"24","hour":"18","minutes":"30","seconds":"00"},"utc_end_date":"2023-03-24 20:30:00","utc_end_date_details":{"year":"2023","month":"03","day":"24","hour":"20","minutes":"30","seconds":"00"},"timezone":"Europe\/Copenhagen","timezone_abbr":"CET","cost":"","cost_details":{"currency_symbol":"","currency_code":"","currency_position":"","values":[]},"website":"","show_map":true,"show_map_link":true,"hide_from_listings":false,"sticky":false,"featured":false,"categories":[],"tags":[],"venue":{"id":333,"author":"1","status":"publish","date":"2022-04-19 11:48:20","date_utc":"2022-04-19 11:48:20","modified":"2022-04-19 11:49:40","modified_utc":"2022-04-19 11:49:40","url":"https:\/\/foreningenkult.dk\/?tribe_venue=multisalen","venue":"Multisalen v. Bogense Skole","slug":"multisalen","address":"Gyldensteensvej 2","city":"Bogense","country":"Danmark","zip":"5400","json_ld":{"@type":"Place","name":"Multisalen v. Bogense Skole","description":"","url":"","address":{"@type":"PostalAddress","streetAddress":"Gyldensteensvej 2","addressLocality":"Bogense","postalCode":"5400","addressCountry":"Danmark"},"telephone":"","sameAs":""},"show_map":true,"show_map_link":true,"global_id":"foreningenkult.dk?id=333","global_id_lineage":["foreningenkult.dk?id=333"]},"organizer":[],"json_ld":{"@context":"http:\/\/schema.org","@type":"Event","name":"NORDFYN:DOX &#8211; Kampen om mennesket","description":"&lt;p&gt;Svend Brinkman, Caspar Eric, Anne Sophia Hermansen og en lang r\u00e6kke andre af landets mest prominente stemmer bidrager til denne debatskabende film om menneskesynet. \u2019Kampen om mennesket\u2019 er en stjernebesat debatfilm, der l\u00f8fter sl\u00f8ret for et intenst opg\u00f8r, vi alle &hellip;&lt;\/p&gt;\\n&lt;p class=&quot;read-more&quot;&gt; &lt;a class=&quot;more-link&quot; href=&quot;https:\/\/foreningenkult.dk\/?tribe_events=nordfyndox-kampen-om-mennesket&quot;&gt; &lt;span class=&quot;screen-reader-text&quot;&gt;NORDFYN:DOX &#8211; Kampen om mennesket&lt;\/span&gt; Read More &raquo;&lt;\/a&gt;&lt;\/p&gt;\\n","image":"https:\/\/foreningenkult.dk\/wp-content\/uploads\/2023\/02\/Kampen-om-mennesket-foto-valgt-scaled.jpg","url":"https:\/\/foreningenkult.dk\/?tribe_events=nordfyndox-kampen-om-mennesket","eventAttendanceMode":"https:\/\/schema.org\/OfflineEventAttendanceMode","startDate":"2023-03-24T19:30:00+01:00","endDate":"2023-03-24T21:30:00+01:00","location":{"@type":"Place","name":"Multisalen v. Bogense Skole","description":"","url":"","address":{"@type":"PostalAddress","streetAddress":"Gyldensteensvej 2","addressLocality":"Bogense","postalCode":"5400","addressCountry":"Danmark"},"telephone":"","sameAs":""},"performer":"Organization"},"ticketed":false}